{"id":1376,"date":"2020-04-07T18:40:17","date_gmt":"2020-04-07T16:40:17","guid":{"rendered":"https:\/\/the.ericade.net\/?p=1376"},"modified":"2020-04-28T13:32:01","modified_gmt":"2020-04-28T11:32:01","slug":"rapport-fran-en-tom-site","status":"publish","type":"post","link":"https:\/\/the.ericade.net\/?p=1376","title":{"rendered":"Rapport fr\u00e5n en tom verklighet"},"content":{"rendered":"\n<figure class=\"wp-block-image size-large\"><img decoding=\"async\" width=\"406\" height=\"222\" data-src=\"https:\/\/the.ericade.net\/wp-content\/uploads\/2020\/04\/closesthlm.png\" alt=\"\" class=\"wp-image-1383 lazyload\" data-srcset=\"https:\/\/the.ericade.net\/wp-content\/uploads\/2020\/04\/closesthlm.png 406w, https:\/\/the.ericade.net\/wp-content\/uploads\/2020\/04\/closesthlm-300x164.png 300w\" data-sizes=\"(max-width: 406px) 100vw, 406px\" src=\"data:image\/svg+xml;base64,PHN2ZyB3aWR0aD0iMSIgaGVpZ2h0PSIxIiB4bWxucz0iaHR0cDovL3d3dy53My5vcmcvMjAwMC9zdmciPjwvc3ZnPg==\" style=\"--smush-placeholder-width: 406px; --smush-placeholder-aspect-ratio: 406\/222;\" \/><figcaption>Stockholm st\u00e4ngt eller \u00f6ppet? Under de senaste veckorna har jag g\u00e5tt runt i en stad som inte verkar helt p\u00e5 det klara med om den borde vara st\u00e4ngd eller \u00f6ppen. Detta \u00e4r ber\u00e4ttelsen om att leva i ovissa tider.<\/figcaption><\/figure>\n\n\n\n<p>Senast uppdaterad: 2020-04-28.<\/p>\n\n\n\n<p>Ok, varning, detta har inte med retrodatorer eller BBS-er att g\u00f6ra alls. Men jag vill publicera dessa texter fr\u00e5n ett Stockholm i pandemins skugga. Vars\u00e5god!<\/p>\n\n\n\n<p><strong>Rapport fr\u00e5n en tom stad (2020-03-18)<\/strong><\/p>\n\n\n\n<p> Jag \u00e4r nu p\u00e5v\u00e4g mot &#8221;Sveriges n\u00e4rmaste stad&#8221;, Enk\u00f6ping. Taxikillen sa att halva Taxi Stockholms bilflotta st\u00e5rstill p\u00e5 grund av sjukdom och att ingen anv\u00e4nder taxi idag. Sj\u00e4lv hade han k\u00f6rt i 35 \u00e5r men s\u00e5g bara konkursen som en m\u00f6jlig utv\u00e4g. Hans son hade jobbat p\u00e5 Restuarang P, men just f\u00e5tt sparken och saknade A-kassa eftersom han inte tyckte sig beh\u00f6va den. Vid 23 \u00e5r kunde han f\u00f6rut tj\u00e4na 40 000 en bra m\u00e5nad och kunde inte f\u00f6rst\u00e5 att detta n\u00e5gonsin skulle kunna ta slut. Chaffisen m\u00e5lade ut en kommande bostadskrasch och tyckte det var vansinne att n\u00e5got som lhan s\u00e5g som s\u00e5 lite farligt som Corona skulle f\u00e5 dessa effekter. P\u00e5 stationen gick jag f\u00f6rbi Apoteket som hade Alvedon i stora m\u00e4ngder. Ingeting s\u00e5g utplockat ut. Stationen \u00e4r mestadels tom p\u00e5 folk men n\u00e5gra tappra sj\u00e4lar trotsar skr\u00e4cken och g\u00e5r i d\u00f6dens dal utan r\u00e4dsla i sina br\u00f6st. T\u00e5get \u00e4r likas\u00e5 tomt p\u00e5 ett s\u00e4tt som man inte \u00e4r van vid, men d\u00e4r \u00e4r vi. Allting g\u00e5r p\u00e5 tid och \u00e4ven kondukt\u00f6ren vandrar ibland oss med kortl\u00e4saren i h\u00f6gsta hugg. En s\u00e5n d\u00e4r som man kan anv\u00e4nda p\u00e5 betryggande avst\u00e5nd utan att beh\u00f6va vara f\u00f6r n\u00e4ra passageraren&#8230; Mer rapporter kommer&#8230;<\/p>\n\n\n\n<p><strong>Rapport fr\u00e5n en mindre tom stad (2020-03-19)<\/strong><\/p>\n\n\n\n<p>Ig\u00e5r skrev jag om resan fr\u00e5n Stockholm till Enk\u00f6ping. Men man ska ju hem ocks\u00e5 och ig\u00e5r gick jag ut i folkmassan runt 16:00. Vilken folkmassa? \u00c4ven i Enk\u00f6ping var det m\u00e4rkbart mindre folk ute. Eller jag kanske borde skriva f\u00e4rre, d\u00e5 de verkade lika l\u00e5nga som vanligt. Eftersom tiden f\u00f6r resan \u00e4nnu inte var inne, gick jag till kyrkan i staden. Det \u00e4r en trevlig promenad i en skogsv\u00e4g \u00f6ver en kulle. Jag gillar att g\u00e5 p\u00e5 kyrkog\u00e5rdar. Det har att g\u00f6ra med att man oftast f\u00e5r g\u00e5 i ensamhet och p\u00e5 ett st\u00e4lle d\u00e4r lugnet ligger \u00f6ver hela omr\u00e5det. De bosatta d\u00e4r klagar aldrig och man har tid att t\u00e4nka. Ibland brukar jag leta 100-\u00e5ringar eller se om man kan se n\u00e5gra m\u00f6nster n\u00e4r man tittar p\u00e5 datumen p\u00e5 gravstenarna. P\u00e5 n\u00e5got s\u00e4tt kommer jag att t\u00e4nka p\u00e5 hur gravstenarna f\u00f6rr i tiden kunde visa hela familjer som p\u00e5 bara n\u00e5gra dagar kunde hamna d\u00e4r p\u00e5 grund av n\u00e5gon farsot. Min morfars morfar hade tv\u00e5 s\u00f6ner och en dotter. Sonen Erik Gustav fick bara leva 10 \u00e5r. D\u00f6dboken skriver difteri som d\u00f6dsorsak. Denna sjukdom kallades i folkmun ocks\u00e5 f\u00f6r strypsjukan och det fanns ingen bot. D\u00f6dboken f\u00f6r Tunaberg d\u00e4r de levde visade 1886 m\u00e5nga d\u00f6da i denna sjukdom under en kort tid, sen f\u00f6rsvinner den orsaken efter n\u00e5gra m\u00e5nader i noteringarna. S\u00e5 detta \u00e4r ingenting nytt. Men det m\u00e5ste ha varit lika skr\u00e4mmande d\u00e5 som nu. I dessa tankar och funderande \u00f6ver alla intryck man f\u00e5r av att g\u00e5 i verkligheten, lyssna p\u00e5 radio, l\u00e4sa Twitter och prata med v\u00e4nner gick jag till det lokala konditoriet. Det heter Drott och skryter med att vara Enk\u00f6pings \u00e4ldsta s\u00e5dana. En chokladbiskvi och en kopp kaffe senare satt jag i ett m\u00e4rkbart tommare st\u00e4lle \u00e4n vanligt. Men helt tomt var det inte och s\u00e4llskapet som sitter d\u00e4r verkade prata om n\u00e5got hemskt som n\u00e5gon av dem r\u00e5kat ut f\u00f6r och de tystnade om n\u00e4r de s\u00e5g mig. Tror de k\u00e4nde att de kunde prata om privata saker eftersom de var ensamma i lokalen. Men nu n\u00e4r jag kom in, ins\u00e5g man att det kanske var dags att t\u00e4nka p\u00e5 att det \u00e4r en offentlig plats trots allt. Jag brydde mig inte n\u00e4mnv\u00e4rt utan satt med mitt kaffe och f\u00f6rs\u00f6kte avg\u00f6ra om jag hade tid att ta det lugnt eller om det snart var dags att g\u00e5 till stationen. Tills sist gick jag dit och t\u00e5get mot V\u00e4ster\u00e5s kom. V\u00e4ldigt f\u00e5 gick av. D\u00e4r jag stod s\u00e5g jag tre personer. K\u00e4ndes uppriktigt som en l\u00f6rdagsmorgon. T\u00e5get hem till Stockholm hade lite mer folk \u00e4n i morse, men det var v\u00e4ldigt lugnt f\u00f6r att vara rusningstid.<\/p>\n\n\n\n<p>Sundbyberg i Stockholm runt 17:40 k\u00e4ndes precis s\u00e5d\u00e4r l\u00f6rdagsmorgon som jag skrev ovan. Visst var det folk ute, men inte n\u00e5gon stor m\u00e4ngd. N\u00e4r ett t\u00e5g eller buss stannar kommer normalt en lavin av folk med blickarna rakt fram\u00e5t eller i mobilen. Inte nu. Varje f\u00e4rdmedel producerade en liten skock m\u00e4nniskor som passerade lika snabbt som den d\u00f6k upp. Kanske hade man v\u00e5gat g\u00e5 ut nu och trotsa p\u00e5buden att stanna hemma. Som konsult hade jag i alla fall inte s\u00e5 mycket val i fr\u00e5gan.<\/p>\n\n\n\n<p>Funderade p\u00e5 att g\u00e5 f\u00f6rbi Hemk\u00f6p f\u00f6r att kunna se hur utplockat det \u00e4r, men k\u00e4nde inte riktigt f\u00f6r det. Hittills hade det inte varit s\u00e5 farligt. I s\u00f6ndags var jag ute och d\u00e5 fanns det mesta utom&#8230; ris, makaroner och&#8230; (trumvirvel) toapapper. Tror de flesta bilder p\u00e5 utplockade hyllor missar att n\u00e4rliggande hyllor ganska v\u00e4lfyllda. Men detta kan givetvis bli v\u00e4rre vad det lider, det inser jag ocks\u00e5. Har personligen en ganska negativ syn p\u00e5 detta, men det \u00e4r inte okontrollerbart, det g\u00e4ller att h\u00e5lla huvudet kallt och vara f\u00f6rberedd och informerad. Denna rapport \u00e4r mer observationer \u00e4n \u00e5sikter och s\u00e5 t\u00e4nker jag h\u00e5lla den.<br>Vill ni ha mina \u00e5sikter, bjud mig p\u00e5 en \u00f6l n\u00e4r detta \u00e4r \u00f6ver s\u00e5 kan vi prata&#8230; Varf\u00f6r inte en Corona?<\/p>\n\n\n\n<figure class=\"wp-block-image size-large\"><img decoding=\"async\" width=\"1024\" height=\"768\" data-src=\"https:\/\/the.ericade.net\/wp-content\/uploads\/2019\/05\/56260469_412964236159147_4429468676525129728_n-1024x768.jpg\" alt=\"\" class=\"wp-image-825 lazyload\" data-srcset=\"https:\/\/the.ericade.net\/wp-content\/uploads\/2019\/05\/56260469_412964236159147_4429468676525129728_n-1024x768.jpg 1024w, https:\/\/the.ericade.net\/wp-content\/uploads\/2019\/05\/56260469_412964236159147_4429468676525129728_n-300x225.jpg 300w, https:\/\/the.ericade.net\/wp-content\/uploads\/2019\/05\/56260469_412964236159147_4429468676525129728_n-768x576.jpg 768w, https:\/\/the.ericade.net\/wp-content\/uploads\/2019\/05\/56260469_412964236159147_4429468676525129728_n-1200x900.jpg 1200w, https:\/\/the.ericade.net\/wp-content\/uploads\/2019\/05\/56260469_412964236159147_4429468676525129728_n.jpg 2016w\" data-sizes=\"(max-width: 1024px) 100vw, 1024px\" src=\"data:image\/svg+xml;base64,PHN2ZyB3aWR0aD0iMSIgaGVpZ2h0PSIxIiB4bWxucz0iaHR0cDovL3d3dy53My5vcmcvMjAwMC9zdmciPjwvc3ZnPg==\" style=\"--smush-placeholder-width: 1024px; --smush-placeholder-aspect-ratio: 1024\/768;\" \/><figcaption>Mitt operations-command-and-conquer- security-monitoring-and-dev-ops-super-arbetsrum. Det \u00e4r h\u00e4r det h\u00e4nder. Huvudsakligen att jag dricker kaffe och l\u00f6ser problem.<\/figcaption><\/figure>\n\n\n\n<p><strong>Rapport fr\u00e5n en tom l\u00e4genhet (2020-03-28)<\/strong><\/p>\n\n\n\n<p>S\u00e5 \u00e4r det dags igen att fundera p\u00e5 Corona-livet i allm\u00e4nhet. I s\u00f6ndags k\u00e4nde jag mig lite febrig och tempen visade 38,0, vilket f\u00f6rsvann kort d\u00e4refter och gick ner till normalt. Jag tog givetvis inga risker och isolerade mig och sjukskrev mig. Sen h\u00e4nde inget mer och tempen l\u00e5g bra under hela veckan och ingenting annat verkade fel. S\u00e5 i torsdags v\u00e5gade jag mig ut i verkligheten. Platsen \u00e4r Fr\u00f6sunda och f\u00f6rsta utflykten gick till Mall of Scandinavia, d\u00e4r jag gjorde blixtvisit f\u00f6r att k\u00f6pa saker och sedan g\u00e5 direkt hem. Om ni minns mina rapporter fr\u00e5n f\u00f6rra veckan, var det inte mycket folk ute. Men nu k\u00e4ndes det som om ingenting hindrade folk alls. Det var g\u00e5tt om dem i k\u00f6pcentret, dock f\u00e4rre \u00e4n vanligt vid denna tid. Men det s\u00e5g inte ut att finnas n\u00e5gon direkt r\u00e4dsla eller f\u00f6rsiktigt beteende. Restaurangerna gapade dock tomma p\u00e5 folk, s\u00e5 kanske skaffade man bara vad man beh\u00f6vde och \u00e5kte hem direkt. I g\u00e5r kv\u00e4ll gick jag in p\u00e5 Hemk\u00f6p h\u00e4r i Fr\u00f6sunda och swischade igenom butiken utan att r\u00f6ra vid saker som jag inte k\u00f6pte och genom att h\u00e5lla beh\u00f6rigt avst\u00e5nd. Toapappershyllan var v\u00e4lfylld, vilket \u00e4r lite roande. Konservburkarna fanns ocks\u00e5, men bara n\u00e5gra f\u00e5 typer. \u00c4rtsoppan och Gulashen var tokslut, medan Bullens Pilsnerkorv fanns i \u00f6verfl\u00f6d. Det verkar som om ingen gillar den&#8230; utom jag&#8230; En poddare jag lyssnar p\u00e5 kallar denna pilsnerkorv f\u00f6r &#8221;N\u00e5got som smakar festivals-skrev&#8221;. Har ingen erfarenhet i fr\u00e5gan, s\u00e5 jag antar att han helt enkelt tycker den smakar vidrigt.&nbsp;<img decoding=\"async\" height=\"16\" width=\"16\" data-src=\"https:\/\/static.xx.fbcdn.net\/images\/emoji.php\/v9\/t4c\/1\/16\/1f642.png\" alt=\"\" src=\"data:image\/svg+xml;base64,PHN2ZyB3aWR0aD0iMSIgaGVpZ2h0PSIxIiB4bWxucz0iaHR0cDovL3d3dy53My5vcmcvMjAwMC9zdmciPjwvc3ZnPg==\" class=\"lazyload\" style=\"--smush-placeholder-width: 16px; --smush-placeholder-aspect-ratio: 16\/16;\">\ud83d\ude42<\/p>\n\n\n\n<p>\u00c4ven i denna aff\u00e4r var det snudd p\u00e5 vanlig ruljans med folk och tv\u00e5 kassor \u00f6ppna f\u00f6r att f\u00e5 det hela att g\u00e5 effektivt. V\u00e4l hemma kollade jag den d\u00e4r sajten som s\u00e4ger hur l\u00e4nge toapappret r\u00e4cker och jag fick fram 4,6 m\u00e5nader. Det kanske l\u00e5ter som jag hamstrar, men s\u00e5 \u00e4r inte fallet. Det \u00e4r ungef\u00e4r den framf\u00f6rh\u00e5llning p\u00e5 f\u00f6rbrukningsvaror jag alltid f\u00f6rs\u00f6ker ha. Man vet inte s\u00e5 noggrant n\u00e4r en kris dyker upp och det verkar ju som alla vet vara just nu.<\/p>\n\n\n\n<p><strong>Rapport fr\u00e5n en tom vecka (2020-03-29)<\/strong><\/p>\n\n\n\n<p>S\u00f6ndagen \u00e4r \u00f6ver oss och jag sitter med kaffe och har radion p\u00e5. Detta \u00e4r slutet p\u00e5 den andra veckan d\u00e5 vi f\u00f6rv\u00e4ntas stanna hemma n\u00e4r vi kan. Och jag har gjort det s\u00e5 mycket som m\u00f6jligt. Men det \u00e4r klart, man kan ju observera sig sj\u00e4lv en del d\u00e5 och fundera p\u00e5 hur man hanterar situationen.<\/p>\n\n\n\n<p>F\u00f6rsta fr\u00e5gan \u00e4r: kan man jobba lika bra hemma som p\u00e5 jobbet? Och den stora grejen \u00e4r, jobbar man verkligen hemma eller sitter man med kaffe och tittar p\u00e5 kattvideos ist\u00e4llet f\u00f6r att delta i m\u00f6ten och skriva rapporter? Troligen \u00e4r det inte ett problem, faktiskt. Inte f\u00f6r mig i alla fall. Det kan vara riktigt effektivt att jobba s\u00e5h\u00e4r.. Men det \u00e4r givetvis \u00e4nd\u00e5 viktigt att ha disciplin. Man startar dagarna n\u00e4r man f\u00f6rv\u00e4ntas och \u00e4r alltid fullt kl\u00e4dd. L\u00e5ter f\u00e5nigt, men det g\u00f6r att man mentalt k\u00e4nner sig att man \u00e4r ig\u00e5ng och inte sitter och slappar som om det vore en l\u00f6rdagsmorgon. S\u00e5 av med morgonrocken och s\u00e4tt p\u00e5 kaffet. Den andra grejen \u00e4r att man m\u00e5ste sluta och det \u00e4r den stora utmaningen. N\u00e4r arbetet \u00e4r slut har man ofta allting ig\u00e5ng och sitter och svarar p\u00e5 mail sent p\u00e5 kv\u00e4llen eller t\u00e4nker &#8221;jag tar det h\u00e4r innan jag g\u00e5r och l\u00e4gger mig&#8221;. Den sanna disciplinen \u00e4r att st\u00e4nga jobbdatorn vid 17 och sedan bli privat. Men allt s\u00e5nt h\u00e4r kommer man snabbt p\u00e5.<\/p>\n\n\n\n<p>Den v\u00e4rre grejen \u00e4r ensamheten. Under hela tiden plingar alla mail och teams och grejer i takt med att SMS droppar in. Radion ber\u00e4ttar allt om Coronan och hur det utvecklar sig. Men mitt i allt detta har man noll social kontakt och sitter d\u00e4r. En kompis till mig ber\u00e4ttade att han hade snackat med sin chef \u00f6ver telefonen en halvtimme tills fr\u00e5gan kom &#8221;\u00e4r du s\u00e4llskapssjuk eller?&#8221;. Och det \u00e4r ju l\u00e4tt att f\u00f6rst\u00e5. S\u00e5 det blir en hel del samtal \u00f6ver telefonen och datorn med alla som st\u00e5r ut med att h\u00f6ra ens r\u00f6st \u00e4nnu en g\u00e5ng.<\/p>\n\n\n\n<p>Dagarna g\u00e5r och jag l\u00f6ser problem och sitter framf\u00f6r datorn. P\u00e5 kv\u00e4llarna lyssnar jag p\u00e5 radion och ibland blir det en timme Smoke Rings, det gamla klassiska jazzprogrammet fr\u00e5n f\u00f6rr. Runt omkring den 1:a i varje m\u00e5nad brukar jag ladda upp batterierna till alla radioapparaterna jag har eftersom jag \u00e4r radioamat\u00f6r. Det \u00e4r ju bara den 29 idag men just idag har jag tid att g\u00f6ra det, s\u00e5 det \u00e4r n\u00e4ra nog och \u00e4r lite av ett terapiarbete f\u00f6r att h\u00e5lla sig aktiv. I lumpen pratade man om f\u00e4ltkoma, allts\u00e5 att man blir st\u00e5ende och \u00e4r inaktiv p\u00e5 grund av att man fryser eller k\u00e4nner sig olustig i skogen kl\u00e4dd i gr\u00f6nkl\u00e4der med ett h\u00e5rdnackat bef\u00e4l omkring sig. H\u00e4r \u00e4r varmt och sk\u00f6nt, men p\u00e5 helgerna blir man \u00e4nd\u00e5 lite inaktiv i dessa v\u00e4ntans tider d\u00e4r man inte riktigt kan g\u00e5 ut och inte riktigt kan g\u00f6ra s\u00e5 mycket eller tr\u00e4ffa n\u00e5gon. Och d\u00e5 f\u00e5r man hitta p\u00e5 grejer f\u00f6r att h\u00e5lla ig\u00e5ng tempot och inte &#8221;slagga ihop&#8221;.<\/p>\n\n\n\n<p>F\u00f6rutom att jag driver en sj\u00e4lv, har jag ocks\u00e5 lyssnat p\u00e5 diverse IT-s\u00e4kerhetspoddar och m\u00e5nga av dem handlar just nu om farorna med att jobba hemma och hur man g\u00f6r det b\u00e4st. Ligger i tiden kan man s\u00e4ga.<\/p>\n\n\n\n<p>Jag beskrev ig\u00e5r n\u00e4r jag var ute och hur det k\u00e4nns som gatorna inte \u00e4r s\u00e5 tomma l\u00e4ngre. Mathem har dock leveransk\u00f6er som drar ut i veckor, och de av oss som inte \u00e4r sjuka och isolerade f\u00e5r nog ta oss till aff\u00e4rerna n\u00e4r s\u00e5 \u00e4r n\u00f6dv\u00e4ndigt och l\u00e5ta dem som m\u00e5ste vara hemma anv\u00e4nda n\u00e4tleveransm\u00f6jligheten.<\/p>\n\n\n\n<p>Mer rapporter kommer givetvis s\u00e5 snart jag hunnit observera och t\u00e4nka<\/p>\n\n\n\n<p><strong>Rapport fr\u00e5n en tom framtid (2020-04-07)<\/strong><\/p>\n\n\n\n<p>Det \u00e4r kul att prata med Taxi-f\u00f6rare. En del \u00e4r tystl\u00e5tna, medan andra g\u00e4rna ber\u00e4ttar om allt. Mannen som k\u00f6rde mig till t\u00e5gstationen idag ber\u00e4ttade en historia liknande den jag skrev om f\u00f6r n\u00e5gra veckor sedan med en annan Taxi-f\u00f6rare. \u00c4ven han r\u00e4knar med att l\u00e4gga ner sin verksamhet p\u00e5 grund av krisen, men s\u00e4ger att det b\u00f6rjade g\u00e5 d\u00e5ligt redan 2015. Jag fr\u00e5gar varf\u00f6r. Han har inget svar, men kommer pl\u00f6tsligt ih\u00e5g att det var n\u00e5gonstans d\u00e4r som Uber d\u00f6k upp. S\u00e5 vad h\u00e4nder nu? Efter p\u00e5sk skrotar han sin firma och sadlar om till busschauff\u00f6r, vilket verkar vara en grej f\u00f6r taxifolk som l\u00e4mnar den d\u00f6ende branschen. Nu n\u00e4r alla jobbar hemifr\u00e5n, menar han, \u00e4r flyget illa ute. Och Taxin i Stockholm \u00e4r EXTREMT beroende av flyget f\u00f6r alla aff\u00e4rsresen\u00e4rer. Han menade att alla &#8221;on\u00f6diga resor till, s\u00e4g Norge, f\u00f6r ett tv\u00e5 timmars m\u00f6te har f\u00f6rsvunnit&#8221;. Hans fru har f\u00e5tt hem tre sk\u00e4rmar till datorn och jobbar hemma sedan tre veckor. Chefen hennes s\u00e5g att effektiviteten bibeh\u00f6lls \u00e4ven efter alla b\u00f6rjade jobba hemifr\u00e5n och nu slipper hon \u00e5ka tre veckor varje dag fram och tillbaka.<\/p>\n\n\n\n<p>Tre timmar, ja. Det \u00e4r min restid mellan Enk\u00f6ping och hem varje dag\u2026 I sj\u00e4lva verket \u00e4r det ofta runt tre och en halv timme i verkligheten och strular n\u00e5got \u00e4r fyra timmar ganska vanligt.<\/p>\n\n\n\n<p>Vart \u00e4r vi p\u00e5 v\u00e4g? Jag och min vapendragare Mattias Jadesk\u00f6ld driver ju en podd d\u00e4r vi pratar IT-s\u00e4kerhet och \u00e4ven den har smittats av Coronan. Vi pratar om att jobba hemma, hur bedragarna anv\u00e4nder krisen f\u00f6r att lura av folk pengar och inloggningsuppgifter och hur allting f\u00f6r\u00e4ndras. Och det g\u00f6r det. I ett avsnitt fr\u00e5gade Mattias mig om jag trodde allt skulle g\u00e5 tillbaka till det normala efter detta. Han menade om vi skulle sluta jobba hemifr\u00e5n och komma tillbaka till arbetsplatserna. Och jag svarade att man nog skulle var mer ben\u00e4gen att till\u00e5ta folk att jobba hemifr\u00e5n, men att det faktiskt inte g\u00e5r att f\u00e5 bort v\u00e4rdet av social samvaro s\u00e5 kontoren skulle nog f\u00e5 tillbaka sina medarbetare till stor del. Vem vet? Sm\u00e5 h\u00e4ndelser kan \u00e4ndra hur allting ser ut och n\u00e5gra \u00e5r senare har vi gl\u00f6mt att vi n\u00e5gonsin haft det p\u00e5 n\u00e5got annat s\u00e4tt. Och Coronan \u00e4r verkligen inte en liten h\u00e4ndelse, s\u00e5 ni f\u00f6rst\u00e5r\u2026<\/p>\n\n\n\n<p>Coronan diskriminerar heller inte. N\u00e4r jag skriver detta p\u00e5 ett SJ-t\u00e5g p\u00e5 v\u00e4g V\u00e4sterut, ligger Storbritanniens premi\u00e4rminister, Boris Johnson, p\u00e5 intensivv\u00e5rd. Det finns en reell risk att han faktiskt d\u00f6r d\u00e4r. N\u00e4r jag l\u00e4ste detta ig\u00e5r undrade jag vilka h\u00f6ga dignit\u00e4rer som dog i Spanska sjukan f\u00f6r hundra \u00e5r sedan, men var lite f\u00f6r tr\u00f6tt och stressad av allt som skulle beh\u00f6va bli klart innan jag fick l\u00e4gga mig f\u00f6r att orka Googla fram det.<\/p>\n\n\n\n<p>Men radion tidigare i veckan gav en upplysning om hur vi troligen hanterar situationen att alla kan d\u00f6: under digerd\u00f6den i medeltidens Europa dog folk som flugor och det vi har bevarat fr\u00e5n den tiden i form av s\u00e5nger och dikter borde ju drypa av svart hum\u00f6r, d\u00f6ds\u00e5ngest och r\u00e4dsla kan man tycka. Tydligen inte, det verkar som man skrev livsbejakande verk som \u00e4r otroligt vackra och positiva i sin utformning. Hade man f\u00f6rlikat sig med d\u00f6den, f\u00f6rtr\u00e4ngde man den eller tyckte man helt enkelt att &#8221;jag lever ju idag, vem vet vad som h\u00e4nder imorgon&#8221; ?<\/p>\n\n\n\n<p>M\u00e5ste ju konstatera att det, precis som jag skrivit tidigare, \u00e4r mer folk ute p\u00e5 gatorna nu \u00e4n f\u00f6r en m\u00e5nad sedan. Aff\u00e4rerna \u00e4r fortfarande ganska v\u00e4lfyllda.<\/p>\n\n\n\n<p>S\u00e5 vad h\u00e4nder sen? Om vi tittar en m\u00e5nad fram i tiden, har vi v\u00e4nt kurvan s\u00e5 den pekar ner\u00e5t eller \u00f6kar den d\u00e5 fortfarande exponentiellt? Om situationen forts\u00e4tter f\u00f6rv\u00e4rras, kommer det d\u00e5 bli sv\u00e5rt att k\u00f6pa en blyertspenna? Ja, en blyertspenna, faktiskt. 1958 skrev Leonard Read ett kort ess\u00e4 om just en penna. Denna diskuterade att en vanligt enkel s\u00e5dan beh\u00f6ver en mycket komplicerad infrastruktur f\u00f6r att kunna tillverkas. Gummit i radergummit kommer fr\u00e5n en plats, tr\u00e4et fr\u00e5n en annan och blyertsen fr\u00e5n ett tredje. Varje fabrik som tillverkar delarna m\u00e5ste ha el, vatten, tillg\u00e5ng till arbetskraft, lokal stabilitet i samh\u00e4llet och transporter f\u00f6r att kunna skicka ut den f\u00e4rdiga produkten \u00c4ven vid lokal tillverkning d\u00e4r alla delar av n\u00e5gonting skapas i Sverige, \u00e4r dessa saker n\u00f6dv\u00e4ndiga. Om n\u00e5gon av dessa faktorer f\u00f6rsvinner, blir effekten snabbt att till och med de enklaste produkterna och tj\u00e4nster blir otillg\u00e4ngliga eller sv\u00e5ra att f\u00e5 tag i. Detta kan \u00e4ven inneb\u00e4r livsmedel.<\/p>\n\n\n\n<p>\u00c5 andra sidan har vi historiskt s\u00e4tt varit fantastiska p\u00e5 att f\u00f6r\u00e4ndra oss f\u00f6r att klara kriser och hittills kommit ut p\u00e5 andra sidan oavsett vad som h\u00e4nt.<\/p>\n\n\n\n<p>Jag tror att h\u00e5lla \u00f6rat p\u00e5 r\u00e4lsen \u00e4r n\u00f6dv\u00e4ndigt och att uppdatera sig om hur v\u00e4rlden omkring oss f\u00f6r\u00e4ndras. Och \u00e4ven om det \u00e4r sj\u00e4lvklart att vi \u00e4r oroliga, s\u00e5 m\u00e5ste vi f\u00f6rs\u00f6ka h\u00e5lla huvudet kallt och g\u00f6ra vad vi kan f\u00f6r att vara s\u00e5 s\u00e4kra som m\u00f6jligt.<\/p>\n\n\n\n<p><strong>Rapport fr\u00e5n en tom v\u00e5r (2020-04-20)<\/strong><\/p>\n\n\n\n<p>Hur kn\u00e4cker man l\u00e4ttast en metallbit om man inte har riktigt den muskelstyrka som beh\u00f6vs? Svaret vet nog alla: b\u00f6j den fram och tillbaka s\u00e5 l\u00e5ngt det g\u00e5r och till sist f\u00e5r &#8221;metalltr\u00f6ttheten&#8221; den att g\u00e5 tv\u00e4rt av. S\u00e5 kan det vara med oss ocks\u00e5. Varje dag kommer rapporter om plat\u00e5er, nya utbrott, en bekr\u00e4ftad nedg\u00e5ng, nya symptom och riskgrupper. Det h\u00f6r ju till sakens natur att vi inte vet allting \u00e4nnu, utan l\u00e4r oss efter g\u00e5ng.<\/p>\n\n\n\n<p>F\u00f6r en vecka sedan b\u00f6rjade jag bry mig lite mindre om det hela. Visst, jag iakttog alla rekommendationer och h\u00f6ll mig hemma, men lyssnade mer p\u00e5 P4Plus breda musikutbud \u00e4n P1s full\u00f6diga rapporter. I l\u00f6rdags f\u00e5r jag ett meddelande fr\u00e5n min gamla brevv\u00e4n fr\u00e5n Storbritannien. Han undrar om allt \u00e4r ok, eftersom nyheterna fr\u00e5n Sverige senaste dagarna verkat oroande. Jag sa att allt var ok med mig och tackade f\u00f6r omtanken. Direkt efter\u00e5t b\u00f6rjade jag kolla k\u00e4llor och f\u00f6rs\u00f6ka se vad som h\u00e4nder. Och d\u00e4r \u00e4r vi. Det kommer b\u00e5de oroande och ibland lugnande nyheter fr\u00e5n alla v\u00e4rldens h\u00e5ll.&nbsp; Vi g\u00e5r mellan hopp och f\u00f6rtvivlan hela tiden.<\/p>\n\n\n\n<p>Som n\u00e5gon lustigkurre skrev: &#8221;Vi har sett en exponentiell \u00f6kning av trenden att titta p\u00e5 diagram med exponentiella grafer&#8221;.<\/p>\n\n\n\n<p>Och sen \u00e4r veckan d\u00e4r jag jobbat hemma \u00f6ver f\u00f6r denna g\u00e5ng. Idag \u00e4r det tillbaka till Enk\u00f6ping igen med vad detta inneb\u00e4r. Men innan jag gl\u00f6mmer: har en uppdatering av den f\u00f6rsta taxif\u00f6rarens ber\u00e4ttelse. Ni minns han med sonen som f\u00e5tt sparken och hade alla husl\u00e5nen. \u00c5kte med honom igen och nu verkar det bli b\u00e4ttre. Amorteringskraven \u00e4r tillf\u00e4lligt h\u00e4vda och sonen har g\u00e5tt tillbaka i tj\u00e4nst, dock inte heltid.&nbsp; Och f\u00f6raren \u00e4r dessutom kallad p\u00e5 intervju hos ett bussbolag. S\u00e5 det ser inte s\u00e5 nattsvart ut l\u00e4ngre. D\u00e4remot \u00e4r taxibolagen fortfarande illa ute. Han pratade om att folk satt p\u00e5 ett av bolagets kontor och gr\u00e4t. En annan taxif\u00f6rare ber\u00e4ttade tidigare f\u00f6r mig att min tur var den tredje den dagen jag \u00e5kte och detta var dessutom p\u00e5 kv\u00e4llen.<\/p>\n\n\n\n<p>Mitt i allt detta \u00e4r det l\u00e4tt att undra om det \u00e4r s\u00e5 vettigt att saker \u00e5terg\u00e5r. Borde vi inte h\u00e5lla oss hemma? Tar vi inte en massa risker?<\/p>\n\n\n\n<p>Det \u00e4r inget jag tar st\u00e4llning till en dessa texter, eftersom jag inte h\u00e4r vill ge mig in i debatten utan hellre lyssnar och observerar \u00e4n spekulerar precis som jag skrivit tidigare. L\u00e4rdomar \u00e4r garanterade att komma till den som g\u00f6r just observationer av allting som h\u00e4nder och s\u00e4gs.<\/p>\n\n\n\n<p>P\u00e5 gatorna \u00e4r det ju fortfarande m\u00e4rkbart mindre folk, men inte s\u00e5 tomt som man kan tro. Taxikillen sa att restaurangen hans son jobbade p\u00e5 brukade ha runt 900 g\u00e4ster per lunch, vilket efter Coronan gick l\u00e5ngt under 100 men nu \u00e4r tillbaka p\u00e5 runt 250. Det \u00e4r lite m\u00e4tdata f\u00f6r den som vill f\u00f6rs\u00f6ka gissa sig p\u00e5 hur tomma gatorna egentligen \u00e4r. Inte nog f\u00f6r att s\u00e4kerst\u00e4lla n\u00e5gonting, men en fingervisning om hur det ser ut just nu.<\/p>\n\n\n\n<p>V\u00e5ren \u00e4r p\u00e5 v\u00e4g och vi utlovas 20 grader p\u00e5 onsdag\u2026 F\u00f6r den som kan och v\u00e5gar g\u00e5 ut det vill s\u00e4ga. Och under hela tiden har jag inte sett n\u00e5gra stora gapande tomma hyllor. Men det \u00e4r veckonoteringar p\u00e5 detta nu, och jag f\u00e5r nog anledning att \u00e5terkomma.<\/p>\n\n\n\n<p id=\"skalle\"><strong>Rapport fr\u00e5n en tom skalle (2020-04-28)<\/strong><\/p>\n\n\n\n<p>Ok\u2026 D\u00e4r har jag officiellt haft s\u00f6nder rubriken. M\u00f6nstret i hur jag skapar dessa har ju varit att bygga meningen runt ordet &#8221;tom&#8221;. Med &#8221;tom&#8221; menas i detta fall &#8221;ok\u00e4nt territorium&#8221; eller &#8221;oskrivet blad&#8221;. Det \u00e4r ju s\u00e5 krisen k\u00e4nns just nu. Men tom skalle \u00e4r lite sv\u00e5rt att argumentera f\u00f6r att det har n\u00e5gon mer mening \u00e4n\u2026 Det du just t\u00e4nkte: &#8221;Haha \u2026 han erk\u00e4nde det!&#8221;. Men jag ignorerar detta eftersom jag har en massa id\u00e9er och beh\u00f6ver t\u00f6mma skallen i text. S\u00e5 rubriken blir nog sann n\u00e4r texten \u00e4r f\u00e4rdigskriven i alla fall.<\/p>\n\n\n\n<p>Nu \u00e4r jag p\u00e5 v\u00e4g till Enk\u00f6ping igen. Tv\u00e5 personer jag k\u00e4nner har insjuknat i Coronan, men de verkar klara sig r\u00e4tt bra. Om nu en tredjedel av befolkningen h\u00e4r i Sverige har haft eller har Coronan, varf\u00f6r k\u00e4nner jag inte fler? Ingen aning faktiskt. Men det \u00e4r r\u00e4tt m\u00e4rkligt. N\u00e4r Estonia sj\u00f6nk, dog \u00f6ver 800 personer och d\u00e4r var det inte heller n\u00e5gon jag k\u00e4nde r\u00e5kade ut. Men det \u00e4r fortfarande en ofattbar siffra som man inte riktigt kan ta in.<\/p>\n\n\n\n<p>Ig\u00e5r gick jag p\u00e5 Norra Kyrkog\u00e5rden och filosoferade om hur 2030 kommer se ut. R\u00e4tt snabbt ins\u00e5g jag att vad jag \u00e4n f\u00f6rutsp\u00e5dde, skulle jag gissa f\u00f6r konservativt, f\u00f6r ovettigt eller f\u00f6r radikalt. Hade jag gjort samma sak 2010 hade jag nog missat det mesta som vi nu vet har h\u00e4nt, inklusive Coronan och m\u00f6jligen sagt n\u00e5got i stil med &#8221;smartphonen blir nog mer viktig i framtiden&#8221; &#8211; n\u00e4h\u00e4, det menar du inte? S\u00e5 jag v\u00e4nde p\u00e5 steken och best\u00e4mde mig f\u00f6r att f\u00f6rutsp\u00e5 genuint D\u00c5LIGA uppfinningar ist\u00e4llet. Dessa m\u00e5ste uppfylla f\u00f6ljande kriterier:<\/p>\n\n\n\n<ul class=\"wp-block-list\"><li>De m\u00e5ste vara stenkorkade p\u00e5 ett s\u00e4tt s\u00e5 man inte kan ta dem p\u00e5 allvar.<\/li><li>Dock plausibla med dagens eller morgondagens (fram till 2030) teknikniv\u00e5.<\/li><li>De m\u00e5ste rimligen bygga p\u00e5 n\u00e5got som med lite god vilja skulle kunna misstas f\u00f6r vetenskaplig forskning och f\u00e5r inte inneh\u00e5lla magi, gud eller f\u00f6r mycket handviftande bortf\u00f6rklaringar.<\/li><li>De m\u00e5ste avslutas med ett &#8221;failure mode&#8221;, allts\u00e5 ett problem som g\u00f6r dem oanv\u00e4ndbara eller ol\u00e4mpliga att realisera.<\/li><li>De m\u00e5ste avslutas, var f\u00f6r sig eller som en helhet med orden &#8221;T\u00e4nkte inte p\u00e5 det&#8221; efter f\u00f6rklaringen varf\u00f6r de inte fungerar. Detta som en referens till komediprogrammet Lorry som gick i TV p\u00e5 90-talet.<\/li><\/ul>\n\n\n\n<p>F\u00f6ljande regler f\u00f6r tolkning \u00e4r n\u00f6dv\u00e4ndiga att f\u00f6rst\u00e5:<\/p>\n\n\n\n<ul class=\"wp-block-list\"><li>Id\u00e9erna \u00e4r gjorda f\u00f6r att bygga p\u00e5 ren humor. De \u00e4r givetvis inte menade att s\u00e5ra, kr\u00e4nka eller irritera n\u00e5gon.<\/li><li>Rubriks\u00e4ttningen &#8221;d\u00e5liga id\u00e9er&#8221; b\u00f6r vara tillr\u00e4cklig f\u00f6r att detta ska vara enkelt att begripa.<\/li><li>M\u00f6jligen kan jag g\u00e5 med p\u00e5 att jag driver med moderna f\u00f6reteelser och fenomen, d\u00e5 utan att ta n\u00e5gon st\u00e4llning. Givetvis har jag dock en massa \u00e5sikter om precis allting jag kan komma p\u00e5. De ventileras inte h\u00e4r.<\/li><\/ul>\n\n\n\n<p>S\u00e5 h\u00e4r \u00e4r den f\u00f6rsta av mina d\u00e5liga id\u00e9er, skapad av en uttr\u00e5kad,&nbsp; socialt distanserad och n\u00e5got distr\u00e4 hj\u00e4rna p\u00e5 flykt undan en pandemi var den \u00e4n m\u00e5nde vara. Vars\u00e5god.<\/p>\n\n\n\n<p>D\u00e5lig id\u00e9 ETT &#8211; Kr\u00e4nkhetsr\u00e4tter<\/p>\n\n\n\n<p>Ni k\u00e4nner s\u00e4kert till utsl\u00e4ppsr\u00e4tter som anv\u00e4nds f\u00f6r att reglera just milj\u00f6utsl\u00e4pp. Med dessa som avstamp f\u00f6resl\u00e5r jag ett nytt system f\u00f6r att tygla hatet p\u00e5 internet: kr\u00e4nkthetsr\u00e4tter. Detta system bygger p\u00e5 f\u00f6ljande antaganden:<\/p>\n\n\n\n<ul class=\"wp-block-list\"><li>Alla har en profil p\u00e5 n\u00e4tet som sp\u00e5rar deras tillg\u00e4ngliga kr\u00e4nkthetsr\u00e4tter.<\/li><li>Man b\u00f6rjar p\u00e5 ett basv\u00e4rde som representeras av ett positiv tal som d\u00e5 blir ditt initiala saldo.<\/li><li>En kr\u00e4nkningsr\u00e4tt motsvarar ett visst antal po\u00e4ng som kan anv\u00e4ndas f\u00f6r att generera kr\u00e4nkningar utan sanktioner.<\/li><li>K\u00f6per man en kr\u00e4nkningsr\u00e4tt, adderas dess po\u00e4ng till ditt saldo. S\u00e4ljer du subtraheras ist\u00e4llet motsvarande v\u00e4rde.<\/li><li>Varje dag man inte kr\u00e4nker n\u00e5gon och inte blir anklagad f\u00f6r att kr\u00e4nka n\u00e5gon eller att inte n\u00e5gon k\u00e4nner sig kr\u00e4nkt och det \u00e4r dit fel p\u00e5 n\u00e5got verkligt eller overkligt s\u00e4tt, f\u00e5r du en liten m\u00e4ngd extra po\u00e4ng.<\/li><li>Dessa lagras under tiden utan att du m\u00e5ste g\u00f6ra n\u00e5got.<\/li><li>Om du kr\u00e4nker, n\u00e5gon p\u00e5st\u00e5r att du kr\u00e4nker, eller n\u00e5gon k\u00e4nner sig kr\u00e4nkt enligt ovan, dras po\u00e4ng av. F\u00f6rseelsen matchas mot en schablon d\u00e4r po\u00e4ng dras av enligt vem som kr\u00e4nkts och hur allvarligt det var. En ol\u00e4mplig kommentar drar av en relativ liten m\u00e4ngd po\u00e4ng. En grovt f\u00f6rol\u00e4mpande eller rasistisk kommenterar kostar betydligt mer.<\/li><li>Alla avdrag drar av betydligt mer po\u00e4ng \u00e4n du f\u00e5r av inte g\u00f6ra n\u00e5gonting elakt \u00f6ver en rimlig tid.<\/li><li>Om dina po\u00e4ng understiger 0 po\u00e4ng har du f\u00f6rverkat din r\u00e4tt att kr\u00e4nka\/generera kr\u00e4nkthet.<\/li><li>Vid negativa tal sker sanktioner. Vad har jag inte best\u00e4mt, men det blir inte roligt f\u00f6r den det drabbar. Exkommunicering, uth\u00e4ngning eller att vi s\u00e4ger att du \u00e4r &#8221;dum och d\u00e5lig&#8221; \u00e4r h\u00f6gsta reella hot.<\/li><li>Det \u00e4r m\u00f6jligt att via ackrediterade m\u00e4klare k\u00f6pa kr\u00e4nkthetsr\u00e4tter av folk som har po\u00e4ng \u00f6ver som de inte beh\u00f6ver. Detta ger dig hela eller delar av deras po\u00e4ng i proportion till antalet r\u00e4tter som k\u00f6ps och kan anv\u00e4ndas f\u00f6r att komma \u00f6ver nollan efter en bl\u00f6t kv\u00e4ll p\u00e5 krogen d\u00e5 du tyckte att alla v\u00e4nsterh\u00e4nta borde deporteras till Uruguay.<\/li><li>Man kan inte s\u00e4lja mer r\u00e4tter en man har. Vi 0 po\u00e4ng har du inga och negativa tal motsvarar \u00f6verskridna kr\u00e4nkningsr\u00e4tter.<\/li><li>Man kan inte s\u00e4lja fordringar p\u00e5 andras skulder. Det funkade inget vidare f\u00f6r bankerna vid kraschen 2008, s\u00e5 det \u00e4r inte en pilsner vi vill \u00f6ppna.<\/li><li>Den totala m\u00e4ngden po\u00e4ng s\u00e4tter ett absolut tak \u00f6ver mycket kr\u00e4nkthet (verklig eller inbillad) som kan finnas p\u00e5 n\u00e4tet. Den \u00f6kar enbart n\u00e4r nya m\u00e4nniskor f\u00f6ds f\u00f6rutsatt att fler f\u00f6ds \u00e4n som d\u00f6r. Se l\u00e4mplig befolknings\u00f6kningsstatistik f\u00f6r en m\u00f6jlig prognos f\u00f6r tillv\u00e4xt \u00f6ver tiden.<\/li><\/ul>\n\n\n\n<p>Failure mode:<\/p>\n\n\n\n<p>L\u00f6sningen \u00e4r s\u00e5rbar f\u00f6r en race condition beroende p\u00e5 en ohanterad \u00e5terkopplings-slinga vid felaktig anv\u00e4ndning av moraliskt tolkningsf\u00f6retr\u00e4de mellan tv\u00e5 eller flera personer. Denna kan leda till att n\u00e5gra f\u00e5 personer kan skapa ett massivt underskott p\u00e5 kr\u00e4nkningsr\u00e4tter som sp\u00e4nner \u00f6ver hela systemet, vilket kan destabilisera b\u00e5de fysiska, virtuella, upplevda eller till och med verkliga \u00e5siktkorridorer, bubblor och \u00e5siktsmaskiner. Detta har \u00e4ven en 1\/3 chans att s\u00e5ra dina k\u00e4nslor redan efter 0,5 iterationer och denna sannolikhet \u00f6kar \u00f6ver tiden i takt med att din heliga vrede och k\u00e4nsla av moralisk h\u00f6gre mark tilltar i relation till din motst\u00e5ndare. I praktiken driver detta i sig sj\u00e4lv till sist slingan vidare s\u00e5 l\u00e4nge du och din motst\u00e5ndare har adrenalin kvar i kroppen.<\/p>\n\n\n\n<p>Exempel:<\/p>\n\n\n\n<p>Om du tycker att jag kr\u00e4nkte dig och s\u00e4ger det till mig, kan det leda till att jag i min tur k\u00e4nner mig kr\u00e4nkt av att du anklagade mig, vilket leder till att du k\u00e4nner dig kr\u00e4nkt \u00f6ver att jag k\u00e4nner mig kr\u00e4nkt n\u00e4r det faktiskt var du som borde vara den som k\u00e4nde sig kr\u00e4nkt. Detta skapar en evighets-slinga (&#8221;loop&#8221;) som efter m\u00e5nga turer leder till ett gigantiskt negativt v\u00e4rde p\u00e5 varje inblandads konto. V\u00e4rdet p\u00e5 alla samlade kr\u00e4nkthetsr\u00e4tter har ett maxv\u00e4rde d\u00e4r det tar stop beroende p\u00e5 totalt antal personer i systemet. Negativa v\u00e4rden \u00e4r ju ocks\u00e5 r\u00e4tter p\u00e5 sitt s\u00e4tt d\u00e5 de med negativt saldo f\u00f6rv\u00e4ntas kunna k\u00f6pa sig fria fr\u00e5n skuld p\u00e5 samma s\u00e4tt som med gamla tiders avlatsbrev fr\u00e5n personer med positiva saldon och d\u00e5 kommer systemet i praktiken att tv\u00e4rnita. Ingen har ju tillr\u00e4ckligt m\u00e5nga r\u00e4tter att s\u00e4lja f\u00f6r att st\u00e4nga det Arizona-krater-stora gapet f\u00f6r den som r\u00e5kat ut f\u00f6r en slinga och maxtaket kan samtidigt inte \u00f6verskridas. Hyperinflation kan d\u00e4rf\u00f6r inte tillgripas f\u00f6r att komma ur problemet. Denna inherenta brist g\u00f6r det idag om\u00f6jligt att med givna f\u00f6ruts\u00e4ttningar p\u00e5 ett s\u00e4kert s\u00e4tt implementera denna l\u00f6sning. Ett f\u00f6rslag \u00e4r att ist\u00e4llet acceptera att folk ibland s\u00e4ger dumheter och ignorera dem som inte g\u00f6r annat och g\u00e5 vidare med livet. Ett s\u00e5dant f\u00f6rslag b\u00f6r dock ses som tempor\u00e4rt, men kommer sannolikt att l\u00f6sas permanent n\u00e4r solen om sex miljarder \u00e5r slocknar och Internet d\u00e5&nbsp; troligen upph\u00f6r i anslutning till detta.<\/p>\n\n\n\n<p>Slutsats:<\/p>\n\n\n\n<p>T\u00e4nkte inte p\u00e5 det\u2026<\/p>\n\n\n\n<p>Och d\u00e4r har jag \u00e5terigen skrivit en rapport. Denna saknar observationer att tala om, vilket beror p\u00e5 att det just nu \u00e4r lite av en &#8221;plat\u00e5&#8221; i Corona-situationen. Denna plat\u00e5 \u00e4r inte den du t\u00e4nker p\u00e5, eftersom den \u00e4nnu inte verkar ha h\u00e4nt, utan mera en plat\u00e5 d\u00e4r det kringliggande kaoset verkar lugnat ner sig nu.<\/p>\n\n\n\n<p>Men mer h\u00e4nder givetvis i framtiden och jag har till dags dato kommit p\u00e5 tre till d\u00e5liga id\u00e9er till som var och en kommer presenteras i kommande rapporter utan f\u00f6rvarning. N\u00e4sta rapport kommer ocks\u00e5 handla om tjattret p\u00e5 radion och varf\u00f6r det kanske tjattras f\u00f6r lite n\u00e4r det v\u00e4l h\u00e4nder n\u00e5got. P\u00e5 \u00e5terh\u00f6rande och h\u00e5ll er s\u00e4kra d\u00e4r ute!<\/p>\n\n\n\n<p>Mvh<br>Erik Zalitis<\/p>\n","protected":false},"excerpt":{"rendered":"<p>Senast uppdaterad: 2020-04-28. Ok, varning, detta har inte med retrodatorer eller BBS-er att g\u00f6ra alls. Men jag vill publicera dessa texter fr\u00e5n ett Stockholm i pandemins skugga. Vars\u00e5god! Rapport fr\u00e5n en tom stad (2020-03-18) Jag \u00e4r nu p\u00e5v\u00e4g mot &#8221;Sveriges n\u00e4rmaste stad&#8221;, Enk\u00f6ping. Taxikillen sa att halva Taxi Stockholms bilflotta st\u00e5rstill p\u00e5 grund av sjukdom&hellip; <a class=\"more-link\" href=\"https:\/\/the.ericade.net\/?p=1376\">Forts\u00e4tt l\u00e4sa <span class=\"screen-reader-text\">Rapport fr\u00e5n en tom verklighet<\/span><\/a><\/p>\n","protected":false},"author":1,"featured_media":0,"comment_status":"open","ping_status":"open","sticky":false,"template":"","format":"standard","meta":{"jetpack_post_was_ever_published":false,"_jetpack_newsletter_access":"","_jetpack_dont_email_post_to_subs":false,"_jetpack_newsletter_tier_id":0,"_jetpack_memberships_contains_paywalled_content":false,"_jetpack_memberships_contains_paid_content":false,"footnotes":"","jetpack_publicize_message":"","jetpack_publicize_feature_enabled":true,"jetpack_social_post_already_shared":true,"jetpack_social_options":{"image_generator_settings":{"template":"highway","default_image_id":0,"font":"","enabled":false},"version":2}},"categories":[5],"tags":[],"class_list":["post-1376","post","type-post","status-publish","format-standard","hentry","category-diverse","entry"],"jetpack_publicize_connections":[],"jetpack_featured_media_url":"","jetpack_sharing_enabled":true,"jetpack_shortlink":"https:\/\/wp.me\/paX1Ep-mc","_links":{"self":[{"href":"https:\/\/the.ericade.net\/index.php?rest_route=\/wp\/v2\/posts\/1376","targetHints":{"allow":["GET"]}}],"collection":[{"href":"https:\/\/the.ericade.net\/index.php?rest_route=\/wp\/v2\/posts"}],"about":[{"href":"https:\/\/the.ericade.net\/index.php?rest_route=\/wp\/v2\/types\/post"}],"author":[{"embeddable":true,"href":"https:\/\/the.ericade.net\/index.php?rest_route=\/wp\/v2\/users\/1"}],"replies":[{"embeddable":true,"href":"https:\/\/the.ericade.net\/index.php?rest_route=%2Fwp%2Fv2%2Fcomments&post=1376"}],"version-history":[{"count":12,"href":"https:\/\/the.ericade.net\/index.php?rest_route=\/wp\/v2\/posts\/1376\/revisions"}],"predecessor-version":[{"id":1397,"href":"https:\/\/the.ericade.net\/index.php?rest_route=\/wp\/v2\/posts\/1376\/revisions\/1397"}],"wp:attachment":[{"href":"https:\/\/the.ericade.net\/index.php?rest_route=%2Fwp%2Fv2%2Fmedia&parent=1376"}],"wp:term":[{"taxonomy":"category","embeddable":true,"href":"https:\/\/the.ericade.net\/index.php?rest_route=%2Fwp%2Fv2%2Fcategories&post=1376"},{"taxonomy":"post_tag","embeddable":true,"href":"https:\/\/the.ericade.net\/index.php?rest_route=%2Fwp%2Fv2%2Ftags&post=1376"}],"curies":[{"name":"wp","href":"https:\/\/api.w.org\/{rel}","templated":true}]}}