{"id":1069,"date":"2019-09-05T08:17:37","date_gmt":"2019-09-05T06:17:37","guid":{"rendered":"https:\/\/the.ericade.net\/?p=1069"},"modified":"2019-09-05T08:17:37","modified_gmt":"2019-09-05T06:17:37","slug":"en-inte-sa-trevlig-lyssnare","status":"publish","type":"post","link":"https:\/\/the.ericade.net\/?p=1069","title":{"rendered":"En inte s\u00e5 trevlig lyssnare"},"content":{"rendered":"\n<figure class=\"wp-block-image\"><img decoding=\"async\" width=\"542\" height=\"800\" data-src=\"https:\/\/the.ericade.net\/wp-content\/uploads\/2019\/09\/ErikHRO60.png\" alt=\"\" class=\"wp-image-1070 lazyload\" data-srcset=\"https:\/\/the.ericade.net\/wp-content\/uploads\/2019\/09\/ErikHRO60.png 542w, https:\/\/the.ericade.net\/wp-content\/uploads\/2019\/09\/ErikHRO60-203x300.png 203w\" data-sizes=\"(max-width: 542px) 100vw, 542px\" src=\"data:image\/svg+xml;base64,PHN2ZyB3aWR0aD0iMSIgaGVpZ2h0PSIxIiB4bWxucz0iaHR0cDovL3d3dy53My5vcmcvMjAwMC9zdmciPjwvc3ZnPg==\" style=\"--smush-placeholder-width: 542px; --smush-placeholder-aspect-ratio: 542\/800;\" \/><figcaption>Bilden \u00e4r helt orelaterad, men visar mig sittandes framf\u00f6r min morfars gamla kortv\u00e5gsmottagare. Radio har alltid varit ett intresse f\u00f6r mig.<\/figcaption><\/figure>\n\n\n\n<p>Ett minne fr\u00e5n f\u00f6rr. Detta \u00e4r en text jag skrev p\u00e5 The ERICADE Network BBS ang\u00e5ende vad som faktiskt h\u00e4nde n\u00e4r vi s\u00e4nde Radio Unga Forskare Stockholm:<\/p>\n\n\n\n<p>Kvart i sju kommer min andratekniker Andreas inrusande och s\u00e4ger ilsket att det \u00e4r n\u00e5gon som ringt in i programmet..<\/p>\n\n\n\n<p>&#8211; &#8221;Killen \u00e4r helt j\u00e4vla k\u00f6rd i huvvet&#8221;..<\/p>\n\n\n\n<p>Hmmm&#8230;. Man ska ju ha f\u00f6rbarmande \u00f6ver dumma radiolyssnare tyckte jag och kopplade in honom i kontrollrummet. Diskusionen som f\u00f6ljde kan jag inte<br>\u00e5terge ordgrant. Men det l\u00e4tt n\u00e5got s\u00e5h\u00e4r (S\u00e4ndes inte i radio).<\/p>\n\n\n\n<p>ord inom hakparanteser [] \u00e4r mina kommentarer.<\/p>\n\n\n\n<p>&#8211; &#8221;Ja, jag heter Lennart och har lyssnat p\u00e5 ert program. Det \u00e4r Unga<br>Forskare som s\u00e4nder va?&#8221;<\/p>\n\n\n\n<p>&#8211; &#8221;Javisst&#8230;&#8221;<\/p>\n\n\n\n<p>&#8211; &#8221;Vad heter du?&#8221;<\/p>\n\n\n\n<p>&#8211; &#8221;Erik.&#8221; [Man ska vara f\u00f6rsiktig med efternamnet i radio!]<\/p>\n\n\n\n<p>&#8211; &#8221;Jo, jag undrar varf\u00f6r ni bara k\u00f6r musik? Dessutom s\u00e5n d\u00e4r j\u00e4vla<br>negermusik. K\u00f6r lite Frank Sinatra, det \u00e4r riktig musik.&#8221;<\/p>\n\n\n\n<p>&#8211; &#8221;Dessutom s\u00e4ger ni numret [till studion] f\u00f6r fort&#8221;<\/p>\n\n\n\n<p>Andreas hoppar in i diskussionen:<\/p>\n\n\n\n<p>&#8211; &#8221;Hur kunde du ringa hit d\u00e5?&#8221;<\/p>\n\n\n\n<p>&#8211; &#8221;\u00d6hhh&#8230; Jo, min son h\u00f6rde det [Med tanke p\u00e5 att Percy l\u00e5ter som han \u00e4r<br>runt 60, undrar jag hur gammal hans son \u00e4r.]<\/p>\n\n\n\n<p>Diskussionen fortskrider och &#8221;Lennart&#8221; klagar p\u00e5 att vi inte s\u00e4nder n\u00e5gon<br>information utan bara musik. Jag lugnar honom med att vi kommer med nyheter<br>snart.<\/p>\n\n\n\n<p>Med ens kommer jag ih\u00e5g att jag k\u00e4nner till hans r\u00f6st&#8230; N\u00e4r han lagt p\u00e5 kommer &#8221;Percy Brunstr\u00f6m&#8221; upp f\u00f6r mitt inre!<\/p>\n\n\n\n<figure class=\"wp-block-image\"><img decoding=\"async\" data-src=\"https:\/\/static.xx.fbcdn.net\/images\/emoji.php\/v9\/t4c\/1\/16\/1f642.png\" alt=\"\" src=\"data:image\/svg+xml;base64,PHN2ZyB3aWR0aD0iMSIgaGVpZ2h0PSIxIiB4bWxucz0iaHR0cDovL3d3dy53My5vcmcvMjAwMC9zdmciPjwvc3ZnPg==\" class=\"lazyload\" \/><\/figure>\n\n\n\n<p>Killen som s\u00e4nder halvrasistradio p\u00e5 88,0 MHz L\u00f6rdagar 10-12 eller vad det nu \u00e4r. Vilka j\u00e4vla idioter det finns&#8230; Tack\u00e5lov f\u00f6r det&#8230; D\u00e5 har vi seri\u00f6sa radioakt\u00f6rer och anti-rasister n\u00e5got att vara emot&nbsp;\ud83d\ude42<\/p>\n\n\n\n<p>P.s. Om ni tycker det \u00e4r konstigt att jag lyssnar p\u00e5 s\u00e5dan skit, ska ni veta att min radio hemma n\u00e4stan bara \u00e4r programmerad med n\u00e4rradiostationer.<br>Jag lyssnar p\u00e5 n\u00e4stan allt jag hinner! d.s.<\/p>\n\n\n\n<h2 class=\"wp-block-heading\">N\u00e5gra tankar s\u00e5h\u00e4r 23 \u00e5r senare<\/h2>\n\n\n\n<p>P\u00e5 1990-talet fanns det m\u00e5nga rasistiska radios\u00e4ndare i n\u00e4rradion. Stationen vi s\u00e4nde p\u00e5 var tack och lov f\u00f6rskonad, men stationen f\u00f6re oss p\u00e5 bandet hade en hel del s\u00e5dana typer. De var inte m\u00e5nga i j\u00e4mf\u00f6relse med de invandrarstationer som faktiskt s\u00e4nde, s\u00e5 det var bra s\u00e5 l\u00e5ngt. Men de var ett problem hur man \u00e4n vred och v\u00e4nde p\u00e5 det. Sj\u00e4lv tyckte jag om att lyssna p\u00e5 Percy, f\u00f6r att han, utan att mena det, var hejdl\u00f6st rolig. Han drack ofta s\u00e5 mycket att han somnade i s\u00e4ndning. Han sluddrade, sa totala vansinnigheter och uttryckte sig extremt och kategoriskt i alla fr\u00e5gor. &#8221;Skicka de d\u00e4r j\u00e4vla 349 gangstrarna i Stockholm str\u00f6m&#8221; (minns inte ordagrant hur han uttryckte sig) sa han om v\u00e5r riksdag. <\/p>\n\n\n\n<p>Han drev ett eget parti (&#8221;Medborgarpartiet&#8221;) och st\u00e4llde upp i riksdagsvalet n\u00e5gon g\u00e5ng i b\u00f6rjan av 90-talet. Jag har faktiskt tr\u00e4ffat honom en g\u00e5ng p\u00e5 en hearing om n\u00e4rradions framtid. Han tyckte man borde l\u00e4gga ner Radio Sydv\u00e4st, d\u00e4r jag s\u00e4nde, vilket jag fann ganska roande.<\/p>\n\n\n\n<p>Enligt uppgift dog han n\u00e5gon g\u00e5ng kring 2015.<\/p>\n\n\n\n<figure class=\"wp-block-embed-youtube wp-block-embed is-type-video is-provider-youtube wp-embed-aspect-4-3 wp-has-aspect-ratio\"><div class=\"wp-block-embed__wrapper\">\n<span class=\"embed-youtube\" style=\"text-align:center; display: block;\"><iframe class=\"youtube-player lazyload\" width=\"750\" height=\"422\" data-src=\"https:\/\/www.youtube.com\/embed\/DriK76Ib9ts?version=3&#038;rel=1&#038;showsearch=0&#038;showinfo=1&#038;iv_load_policy=1&#038;fs=1&#038;hl=sv-SE&#038;autohide=2&#038;wmode=transparent\" allowfullscreen=\"true\" style=\"border:0;\" sandbox=\"allow-scripts allow-same-origin allow-popups allow-presentation allow-popups-to-escape-sandbox\" src=\"data:image\/svg+xml;base64,PHN2ZyB3aWR0aD0iMSIgaGVpZ2h0PSIxIiB4bWxucz0iaHR0cDovL3d3dy53My5vcmcvMjAwMC9zdmciPjwvc3ZnPg==\" data-load-mode=\"1\"><\/iframe><\/span>\n<\/div><figcaption>Ja, s\u00e4g inte att jag inte varnade dig. H\u00e4r \u00e4r ett exempel p\u00e5 hans tossigheter.<\/figcaption><\/figure>\n","protected":false},"excerpt":{"rendered":"<p>Ett minne fr\u00e5n f\u00f6rr. Detta \u00e4r en text jag skrev p\u00e5 The ERICADE Network BBS ang\u00e5ende vad som faktiskt h\u00e4nde n\u00e4r vi s\u00e4nde Radio Unga Forskare Stockholm: Kvart i sju kommer min andratekniker Andreas inrusande och s\u00e4ger ilsket att det \u00e4r n\u00e5gon som ringt in i programmet.. &#8211; &#8221;Killen \u00e4r helt j\u00e4vla k\u00f6rd i huvvet&#8221;..&hellip; <a class=\"more-link\" href=\"https:\/\/the.ericade.net\/?p=1069\">Forts\u00e4tt l\u00e4sa <span class=\"screen-reader-text\">En inte s\u00e5 trevlig lyssnare<\/span><\/a><\/p>\n","protected":false},"author":1,"featured_media":0,"comment_status":"open","ping_status":"open","sticky":false,"template":"","format":"standard","meta":{"jetpack_post_was_ever_published":false,"_jetpack_newsletter_access":"","_jetpack_dont_email_post_to_subs":false,"_jetpack_newsletter_tier_id":0,"_jetpack_memberships_contains_paywalled_content":false,"_jetpack_memberships_contains_paid_content":false,"footnotes":"","jetpack_publicize_message":"","jetpack_publicize_feature_enabled":true,"jetpack_social_post_already_shared":true,"jetpack_social_options":{"image_generator_settings":{"template":"highway","default_image_id":0,"font":"","enabled":false},"version":2}},"categories":[5],"tags":[],"class_list":["post-1069","post","type-post","status-publish","format-standard","hentry","category-diverse","entry"],"jetpack_publicize_connections":[],"jetpack_featured_media_url":"","jetpack_sharing_enabled":true,"jetpack_shortlink":"https:\/\/wp.me\/paX1Ep-hf","_links":{"self":[{"href":"https:\/\/the.ericade.net\/index.php?rest_route=\/wp\/v2\/posts\/1069","targetHints":{"allow":["GET"]}}],"collection":[{"href":"https:\/\/the.ericade.net\/index.php?rest_route=\/wp\/v2\/posts"}],"about":[{"href":"https:\/\/the.ericade.net\/index.php?rest_route=\/wp\/v2\/types\/post"}],"author":[{"embeddable":true,"href":"https:\/\/the.ericade.net\/index.php?rest_route=\/wp\/v2\/users\/1"}],"replies":[{"embeddable":true,"href":"https:\/\/the.ericade.net\/index.php?rest_route=%2Fwp%2Fv2%2Fcomments&post=1069"}],"version-history":[{"count":1,"href":"https:\/\/the.ericade.net\/index.php?rest_route=\/wp\/v2\/posts\/1069\/revisions"}],"predecessor-version":[{"id":1071,"href":"https:\/\/the.ericade.net\/index.php?rest_route=\/wp\/v2\/posts\/1069\/revisions\/1071"}],"wp:attachment":[{"href":"https:\/\/the.ericade.net\/index.php?rest_route=%2Fwp%2Fv2%2Fmedia&parent=1069"}],"wp:term":[{"taxonomy":"category","embeddable":true,"href":"https:\/\/the.ericade.net\/index.php?rest_route=%2Fwp%2Fv2%2Fcategories&post=1069"},{"taxonomy":"post_tag","embeddable":true,"href":"https:\/\/the.ericade.net\/index.php?rest_route=%2Fwp%2Fv2%2Ftags&post=1069"}],"curies":[{"name":"wp","href":"https:\/\/api.w.org\/{rel}","templated":true}]}}